{"provider_url": "https://www.olinda.pe.leg.br", "title": "Projetos de Lei 2019", "html": "<table class=\"plain\">\r\n<tbody>\r\n<tr><th>\r\n<p style=\"text-align: center; \"><strong>PROJETO\u00a0<span>DE LEI N\u00ba</span></strong></p>\r\n</th><th style=\"text-align: center; \"><strong>EMENTA</strong></th><th style=\"text-align: center; \"><strong>AUTOR</strong></th><th style=\"text-align: center; \"><strong>STATUS</strong></th><th style=\"text-align: center; \"><strong>DOWNLOAD</strong></th></tr>\r\n<tr>\r\n<td>PL 01 2019\u00a0</td>\r\n<td><span>Disp\u00f5e sobre a proibi\u00e7\u00e3o de incentivos fiscais a empresas que tenham envolvimento em corrup\u00e7\u00e3o de qualquer esp\u00e9cie ou em ato de improbidade administrativa no munic\u00edpio de Olinda.</span></td>\r\n<td><span>Ver. Jorge Federal</span></td>\r\n<td></td>\r\n<td style=\"text-align: center; \"><img src=\"https://www.olinda.pe.leg.br/download.png/@@images/597490cb-e159-4ca1-9cff-86360999542c.png\" alt=\"download\" class=\"image-inline\" title=\"download\" /></td>\r\n</tr>\r\n<tr>\r\n<td><span>PL 02 2019\u00a0</span></td>\r\n<td><span>Disp\u00f5e sobre a institui\u00e7\u00e3o do dia Treze de Dezembro como o Dia do Quilombo da Na\u00e7\u00e3o Xamb\u00e1, para a Cidade de Olinda e para a comunidade Xamb\u00e1,uma data municipal comemorativa em alus\u00e3o ao Quilombo urbano do port\u00e3o do gelo \u2013 Na\u00e7\u00e3o Xamb\u00e1 localizado no bairro de S\u00e3o Benedito \u2013 Olinda/PE;</span></td>\r\n<td><span>Ver. Jorge Federal</span></td>\r\n<td></td>\r\n<td style=\"text-align: center; \"><img src=\"https://www.olinda.pe.leg.br/download.png/@@images/597490cb-e159-4ca1-9cff-86360999542c.png\" alt=\"download\" class=\"image-inline\" title=\"download\" /></td>\r\n</tr>\r\n<tr>\r\n<td><span>PL 03 2019\u00a0</span></td>\r\n<td><span>Pro\u00edbe a distribui\u00e7\u00e3o e a venda de canudos flex\u00edveis pl\u00e1sticos descart\u00e1veis em restaurantes, bares, lanchonetes, quiosques e estabelecimentos similares, ou por ambulantes, no Munic\u00edpio de Olinda.</span></td>\r\n<td>Ver.\u00a0<span>Jesu\u00edno Ara\u00fajo\u00a0</span></td>\r\n<td></td>\r\n<td style=\"text-align: center; \"><img src=\"https://www.olinda.pe.leg.br/download.png/@@images/597490cb-e159-4ca1-9cff-86360999542c.png\" alt=\"download\" class=\"image-inline\" title=\"download\" /></td>\r\n</tr>\r\n<tr>\r\n<td><span>PL 04 2019\u00a0</span></td>\r\n<td><span>Disp\u00f5e sobre a Estrutura Organizacional da C\u00e2mara Municipal de Olinda e d\u00e1 outras provid\u00eancias.</span></td>\r\n<td>Mesa Diretora</td>\r\n<td></td>\r\n<td style=\"text-align: center; \"><img src=\"https://www.olinda.pe.leg.br/download.png/@@images/597490cb-e159-4ca1-9cff-86360999542c.png\" alt=\"download\" class=\"image-inline\" title=\"download\" /></td>\r\n</tr>\r\n<tr>\r\n<td><span>PL 05 2019\u00a0</span></td>\r\n<td></td>\r\n<td>Ver.\u00a0<span>Denise Almeida</span></td>\r\n<td></td>\r\n<td style=\"text-align: center; \"><img src=\"https://www.olinda.pe.leg.br/download.png/@@images/597490cb-e159-4ca1-9cff-86360999542c.png\" alt=\"download\" class=\"image-inline\" title=\"download\" /></td>\r\n</tr>\r\n<tr>\r\n<td><span>PL 06 2019\u00a0</span></td>\r\n<td></td>\r\n<td><span>Ver.\u00a0</span><span>Denise Almeida</span></td>\r\n<td></td>\r\n<td style=\"text-align: center; \"><img src=\"https://www.olinda.pe.leg.br/download.png/@@images/597490cb-e159-4ca1-9cff-86360999542c.png\" alt=\"download\" class=\"image-inline\" title=\"download\" /></td>\r\n</tr>\r\n<tr>\r\n<td><span>PL 07 2019\u00a0</span></td>\r\n<td></td>\r\n<td><span>Ver.\u00a0</span><span>Denise Almeida</span></td>\r\n<td></td>\r\n<td style=\"text-align: center; \"><img src=\"https://www.olinda.pe.leg.br/download.png/@@images/597490cb-e159-4ca1-9cff-86360999542c.png\" alt=\"download\" class=\"image-inline\" title=\"download\" /></td>\r\n</tr>\r\n<tr>\r\n<td><span>PL 08 2019\u00a0</span></td>\r\n<td></td>\r\n<td><span>Ver.\u00a0</span><span>Denise Almeida</span></td>\r\n<td></td>\r\n<td style=\"text-align: center; \"><img src=\"https://www.olinda.pe.leg.br/download.png/@@images/597490cb-e159-4ca1-9cff-86360999542c.png\" alt=\"download\" class=\"image-inline\" title=\"download\" /></td>\r\n</tr>\r\n<tr>\r\n<td><span>PL 09 2019\u00a0</span></td>\r\n<td><span>Institui no \u00e2mbito do Munic\u00edpio de Olinda o m\u00eas \"Abril Laranja\", dedicado \u00e0 campanha de preven\u00e7\u00e3o da crueldade contra os animais e d\u00e1 outras provid\u00eancias.</span></td>\r\n<td><span>Ver.\u00a0</span><span>Denise Almeida</span></td>\r\n<td></td>\r\n<td style=\"text-align: center; \"><img src=\"https://www.olinda.pe.leg.br/download.png/@@images/597490cb-e159-4ca1-9cff-86360999542c.png\" alt=\"download\" class=\"image-inline\" title=\"download\" /></td>\r\n</tr>\r\n<tr>\r\n<td><span>PL 10 2019</span></td>\r\n<td><span>Disp\u00f5es sobre a obrigatoriedade de fixa\u00e7\u00e3o, no \u00e2mbito do Munic\u00edpio de Olinda, de avisos com o n\u00famero do Disque den\u00fancia da Viol\u00eancia contra a Mulher-Disque 180.</span></td>\r\n<td><span>Ver.\u00a0</span><span>Denise Almeida</span></td>\r\n<td></td>\r\n<td style=\"text-align: center; \"><img src=\"https://www.olinda.pe.leg.br/download.png/@@images/597490cb-e159-4ca1-9cff-86360999542c.png\" alt=\"download\" class=\"image-inline\" title=\"download\" /></td>\r\n</tr>\r\n<tr>\r\n<td><span>PL 11 2019 </span></td>\r\n<td><span></span></td>\r\n<td><span>Ver.\u00a0</span><span>Autora Gra\u00e7a Fonseca</span></td>\r\n<td></td>\r\n<td style=\"text-align: center; \"><img src=\"https://www.olinda.pe.leg.br/download.png/@@images/597490cb-e159-4ca1-9cff-86360999542c.png\" alt=\"download\" class=\"image-inline\" title=\"download\" /></td>\r\n</tr>\r\n<tr>\r\n<td><span>PL 12 2019</span></td>\r\n<td><span></span></td>\r\n<td><span>Poder Executivo</span></td>\r\n<td></td>\r\n<td style=\"text-align: center; \"><img src=\"https://www.olinda.pe.leg.br/download.png/@@images/597490cb-e159-4ca1-9cff-86360999542c.png\" alt=\"download\" class=\"image-inline\" title=\"download\" /></td>\r\n</tr>\r\n<tr>\r\n<td><span>PL 13 2019</span></td>\r\n<td><span></span></td>\r\n<td><span>Poder Executivo</span></td>\r\n<td></td>\r\n<td style=\"text-align: center; \"><img src=\"https://www.olinda.pe.leg.br/download.png/@@images/597490cb-e159-4ca1-9cff-86360999542c.png\" alt=\"download\" class=\"image-inline\" title=\"download\" /></td>\r\n</tr>\r\n<tr>\r\n<td><span>PL 13_2_ 2019</span></td>\r\n<td><span></span></td>\r\n<td><span>Poder Executivo</span></td>\r\n<td></td>\r\n<td style=\"text-align: center; \"><img src=\"https://www.olinda.pe.leg.br/download.png/@@images/597490cb-e159-4ca1-9cff-86360999542c.png\" alt=\"download\" class=\"image-inline\" title=\"download\" /></td>\r\n</tr>\r\n<tr>\r\n<td><span>PL 14 2019</span></td>\r\n<td><span></span></td>\r\n<td><span>Poder Executivo</span></td>\r\n<td></td>\r\n<td style=\"text-align: center; \"><img src=\"https://www.olinda.pe.leg.br/download.png/@@images/597490cb-e159-4ca1-9cff-86360999542c.png\" alt=\"download\" class=\"image-inline\" title=\"download\" /></td>\r\n</tr>\r\n<tr>\r\n<td><span>PL 14_2_ 2019</span></td>\r\n<td><span></span></td>\r\n<td><span>Poder Executivo</span></td>\r\n<td></td>\r\n<td style=\"text-align: center; \"><img src=\"https://www.olinda.pe.leg.br/download.png/@@images/597490cb-e159-4ca1-9cff-86360999542c.png\" alt=\"download\" class=\"image-inline\" title=\"download\" /></td>\r\n</tr>\r\n<tr>\r\n<td><span>PL 17 2019</span></td>\r\n<td><span></span></td>\r\n<td><span>Ver.\u00a0</span><span>Neto da Beira Rio</span></td>\r\n<td></td>\r\n<td style=\"text-align: center; \"><img src=\"https://www.olinda.pe.leg.br/download.png/@@images/597490cb-e159-4ca1-9cff-86360999542c.png\" alt=\"download\" class=\"image-inline\" title=\"download\" /></td>\r\n</tr>\r\n<tr>\r\n<td><span>PL 18 2019</span></td>\r\n<td><span></span></td>\r\n<td><span>Poder Executivo</span></td>\r\n<td></td>\r\n<td style=\"text-align: center; \"><img src=\"https://www.olinda.pe.leg.br/download.png/@@images/597490cb-e159-4ca1-9cff-86360999542c.png\" alt=\"download\" class=\"image-inline\" title=\"download\" /></td>\r\n</tr>\r\n<tr>\r\n<td><span>PL 19 2019</span></td>\r\n<td><span></span></td>\r\n<td><span>Poder Executivo</span></td>\r\n<td></td>\r\n<td style=\"text-align: center; \"><img src=\"https://www.olinda.pe.leg.br/download.png/@@images/597490cb-e159-4ca1-9cff-86360999542c.png\" alt=\"download\" class=\"image-inline\" title=\"download\" /></td>\r\n</tr>\r\n<tr>\r\n<td><span>PL 20 2019</span></td>\r\n<td><span></span></td>\r\n<td><span>Ver.\u00a0</span><span>Jesu\u00edno Ara\u00fajo</span></td>\r\n<td></td>\r\n<td style=\"text-align: center; \"><img src=\"https://www.olinda.pe.leg.br/download.png/@@images/597490cb-e159-4ca1-9cff-86360999542c.png\" alt=\"download\" class=\"image-inline\" title=\"download\" /></td>\r\n</tr>\r\n<tr>\r\n<td><span>PL 21 2019</span></td>\r\n<td><span></span></td>\r\n<td><span>Poder Executivo</span></td>\r\n<td></td>\r\n<td style=\"text-align: center; \"><img src=\"https://www.olinda.pe.leg.br/download.png/@@images/597490cb-e159-4ca1-9cff-86360999542c.png\" alt=\"download\" class=\"image-inline\" title=\"download\" /></td>\r\n</tr>\r\n<tr>\r\n<td><span>PL 22 2019</span></td>\r\n<td><span></span></td>\r\n<td><span>Poder Executivo</span></td>\r\n<td></td>\r\n<td style=\"text-align: center; \"><img src=\"https://www.olinda.pe.leg.br/download.png/@@images/597490cb-e159-4ca1-9cff-86360999542c.png\" alt=\"download\" class=\"image-inline\" title=\"download\" /></td>\r\n</tr>\r\n<tr>\r\n<td><span>PL 25 2019</span></td>\r\n<td><span></span></td>\r\n<td><span>Ver.\u00a0</span><span>Marcelo Soares</span></td>\r\n<td></td>\r\n<td style=\"text-align: center; \"><img src=\"https://www.olinda.pe.leg.br/download.png/@@images/597490cb-e159-4ca1-9cff-86360999542c.png\" alt=\"download\" class=\"image-inline\" title=\"download\" /></td>\r\n</tr>\r\n<tr>\r\n<td><span>PL 29 2019</span></td>\r\n<td><span></span></td>\r\n<td><span>Ver.\u00a0</span><span>Edimilson Fernandes</span></td>\r\n<td></td>\r\n<td style=\"text-align: center; \"><img src=\"https://www.olinda.pe.leg.br/download.png/@@images/597490cb-e159-4ca1-9cff-86360999542c.png\" alt=\"download\" class=\"image-inline\" title=\"download\" /></td>\r\n</tr>\r\n<tr>\r\n<td><span>PL 30 2019</span></td>\r\n<td><span></span></td>\r\n<td><span>Ver.\u00a0</span><span>Jesu\u00edno Ara\u00fajo</span></td>\r\n<td></td>\r\n<td style=\"text-align: center; \"><img src=\"https://www.olinda.pe.leg.br/download.png/@@images/597490cb-e159-4ca1-9cff-86360999542c.png\" alt=\"download\" class=\"image-inline\" title=\"download\" /></td>\r\n</tr>\r\n<tr>\r\n<td><span>PL 31 2019</span></td>\r\n<td><span></span></td>\r\n<td><span>Poder Executivo</span></td>\r\n<td></td>\r\n<td style=\"text-align: center; \"><img src=\"https://www.olinda.pe.leg.br/download.png/@@images/597490cb-e159-4ca1-9cff-86360999542c.png\" alt=\"download\" class=\"image-inline\" title=\"download\" /></td>\r\n</tr>\r\n<tr>\r\n<td><span>PL 32 2019</span></td>\r\n<td><span></span></td>\r\n<td><span>Ver.\u00a0</span><span>Mesa Diretora</span></td>\r\n<td></td>\r\n<td style=\"text-align: center; \"><img src=\"https://www.olinda.pe.leg.br/download.png/@@images/597490cb-e159-4ca1-9cff-86360999542c.png\" alt=\"download\" class=\"image-inline\" title=\"download\" /></td>\r\n</tr>\r\n<tr>\r\n<td><span>PL 33 2019</span></td>\r\n<td><span></span></td>\r\n<td><span>Ver.\u00a0</span><span>Wlademir Labanca</span></td>\r\n<td></td>\r\n<td style=\"text-align: center; \"><img src=\"https://www.olinda.pe.leg.br/download.png/@@images/597490cb-e159-4ca1-9cff-86360999542c.png\" alt=\"download\" class=\"image-inline\" title=\"download\" /></td>\r\n</tr>\r\n<tr>\r\n<td><span>PL 35 2019</span></td>\r\n<td><span></span></td>\r\n<td><span>Ver.\u00a0</span><span>Jorge Federal</span></td>\r\n<td></td>\r\n<td style=\"text-align: center; \"><img src=\"https://www.olinda.pe.leg.br/download.png/@@images/597490cb-e159-4ca1-9cff-86360999542c.png\" alt=\"download\" class=\"image-inline\" title=\"download\" /></td>\r\n</tr>\r\n<tr>\r\n<td><span>PL 36 2019</span></td>\r\n<td><span></span></td>\r\n<td><span>Ver.\u00a0</span><span>Jorge Federal</span></td>\r\n<td></td>\r\n<td style=\"text-align: center; \"><img src=\"https://www.olinda.pe.leg.br/download.png/@@images/597490cb-e159-4ca1-9cff-86360999542c.png\" alt=\"download\" class=\"image-inline\" title=\"download\" /></td>\r\n</tr>\r\n<tr>\r\n<td><span>PL 37 2019</span></td>\r\n<td><span></span></td>\r\n<td><span>Ver.\u00a0</span><span>Jorge Federal</span></td>\r\n<td></td>\r\n<td style=\"text-align: center; \"><img src=\"https://www.olinda.pe.leg.br/download.png/@@images/597490cb-e159-4ca1-9cff-86360999542c.png\" alt=\"download\" class=\"image-inline\" title=\"download\" /></td>\r\n</tr>\r\n<tr>\r\n<td><span>PL 38 2019</span></td>\r\n<td><span></span></td>\r\n<td><span>Ver.\u00a0</span><span>Jorge Federal</span></td>\r\n<td></td>\r\n<td style=\"text-align: center; \"><img src=\"https://www.olinda.pe.leg.br/download.png/@@images/597490cb-e159-4ca1-9cff-86360999542c.png\" alt=\"download\" class=\"image-inline\" title=\"download\" /></td>\r\n</tr>\r\n<tr>\r\n<td><span>PL 39 2019</span></td>\r\n<td><span></span></td>\r\n<td><span>Ver.\u00a0</span><span>Jorge Federal</span></td>\r\n<td></td>\r\n<td style=\"text-align: center; \"><img src=\"https://www.olinda.pe.leg.br/download.png/@@images/597490cb-e159-4ca1-9cff-86360999542c.png\" alt=\"download\" class=\"image-inline\" title=\"download\" /></td>\r\n</tr>\r\n<tr>\r\n<td><span>PL 40 2019</span></td>\r\n<td><span></span></td>\r\n<td><span>Ver.\u00a0</span><span>Jorge Federal</span></td>\r\n<td></td>\r\n<td style=\"text-align: center; \"><img src=\"https://www.olinda.pe.leg.br/download.png/@@images/597490cb-e159-4ca1-9cff-86360999542c.png\" alt=\"download\" class=\"image-inline\" title=\"download\" /></td>\r\n</tr>\r\n<tr>\r\n<td><span>PL 41 2019</span></td>\r\n<td><span></span></td>\r\n<td><span>Ver.\u00a0</span><span>Wlademir Labanca</span></td>\r\n<td></td>\r\n<td style=\"text-align: center; \"><img src=\"https://www.olinda.pe.leg.br/download.png/@@images/597490cb-e159-4ca1-9cff-86360999542c.png\" alt=\"download\" class=\"image-inline\" title=\"download\" /></td>\r\n</tr>\r\n<tr>\r\n<td><span>PL 42 2019</span></td>\r\n<td><span></span></td>\r\n<td><span>Ver.\u00a0</span><span>Wlademir Labanca</span></td>\r\n<td></td>\r\n<td style=\"text-align: center; \"><img src=\"https://www.olinda.pe.leg.br/download.png/@@images/597490cb-e159-4ca1-9cff-86360999542c.png\" alt=\"download\" class=\"image-inline\" title=\"download\" /></td>\r\n</tr>\r\n<tr>\r\n<td><span>PL 43 2019</span></td>\r\n<td><span></span></td>\r\n<td><span>Ver.\u00a0</span><span>Ricardo Sousa</span></td>\r\n<td></td>\r\n<td style=\"text-align: center; \"><img src=\"https://www.olinda.pe.leg.br/download.png/@@images/597490cb-e159-4ca1-9cff-86360999542c.png\" alt=\"download\" class=\"image-inline\" title=\"download\" /></td>\r\n</tr>\r\n<tr>\r\n<td><span>PL 44 2019</span></td>\r\n<td><span></span></td>\r\n<td><span>Poder Executivo</span></td>\r\n<td></td>\r\n<td style=\"text-align: center; \"><img src=\"https://www.olinda.pe.leg.br/download.png/@@images/597490cb-e159-4ca1-9cff-86360999542c.png\" alt=\"download\" class=\"image-inline\" title=\"download\" /></td>\r\n</tr>\r\n<tr>\r\n<td><span>PL 45 2018</span></td>\r\n<td><span></span></td>\r\n<td><span>Ver.\u00a0</span><span>Mesa Diretora</span></td>\r\n<td></td>\r\n<td style=\"text-align: center; \"><img src=\"https://www.olinda.pe.leg.br/download.png/@@images/597490cb-e159-4ca1-9cff-86360999542c.png\" alt=\"download\" class=\"image-inline\" title=\"download\" /></td>\r\n</tr>\r\n<tr>\r\n<td><span>PL 45 2019</span></td>\r\n<td><span></span></td>\r\n<td><span>Poder Executivo</span></td>\r\n<td></td>\r\n<td style=\"text-align: center; \"><img src=\"https://www.olinda.pe.leg.br/download.png/@@images/597490cb-e159-4ca1-9cff-86360999542c.png\" alt=\"download\" class=\"image-inline\" title=\"download\" /></td>\r\n</tr>\r\n<tr>\r\n<td><span>PL 46 2019</span></td>\r\n<td><span></span></td>\r\n<td><span>Ver.\u00a0</span><span>Jorge Federal</span></td>\r\n<td></td>\r\n<td style=\"text-align: center; \"><img src=\"https://www.olinda.pe.leg.br/download.png/@@images/597490cb-e159-4ca1-9cff-86360999542c.png\" alt=\"download\" class=\"image-inline\" title=\"download\" /></td>\r\n</tr>\r\n<tr>\r\n<td><span>PL 47 2019</span></td>\r\n<td><span></span></td>\r\n<td><span>Ver.\u00a0</span><span>Alg\u00e9rio</span></td>\r\n<td></td>\r\n<td style=\"text-align: center; \"><img src=\"https://www.olinda.pe.leg.br/download.png/@@images/597490cb-e159-4ca1-9cff-86360999542c.png\" alt=\"download\" class=\"image-inline\" title=\"download\" /></td>\r\n</tr>\r\n<tr>\r\n<td><span>PL 49 2019</span></td>\r\n<td><span></span></td>\r\n<td><span>Ver.\u00a0</span><span>Ricardo Sousa</span></td>\r\n<td></td>\r\n<td style=\"text-align: center; \"><img src=\"https://www.olinda.pe.leg.br/download.png/@@images/597490cb-e159-4ca1-9cff-86360999542c.png\" alt=\"download\" class=\"image-inline\" title=\"download\" /></td>\r\n</tr>\r\n<tr>\r\n<td><span>PL 49 2019</span></td>\r\n<td><span></span></td>\r\n<td><span>Ver.\u00a0</span><span>Ricardo Sousa</span></td>\r\n<td></td>\r\n<td style=\"text-align: center; \"><img src=\"https://www.olinda.pe.leg.br/download.png/@@images/597490cb-e159-4ca1-9cff-86360999542c.png\" alt=\"download\" class=\"image-inline\" title=\"download\" /></td>\r\n</tr>\r\n<tr>\r\n<td><span>PL 50 2019</span></td>\r\n<td><span></span></td>\r\n<td><span>Ver.\u00a0</span><span>Ricardo Sousa</span></td>\r\n<td></td>\r\n<td style=\"text-align: center; \"><img src=\"https://www.olinda.pe.leg.br/download.png/@@images/597490cb-e159-4ca1-9cff-86360999542c.png\" alt=\"download\" class=\"image-inline\" title=\"download\" /></td>\r\n</tr>\r\n<tr>\r\n<td><span>PL 50 2019</span></td>\r\n<td><span></span></td>\r\n<td><span>Ver.\u00a0</span><span>Ricardo Sousa</span></td>\r\n<td></td>\r\n<td style=\"text-align: center; \"><img src=\"https://www.olinda.pe.leg.br/download.png/@@images/597490cb-e159-4ca1-9cff-86360999542c.png\" alt=\"download\" class=\"image-inline\" title=\"download\" /></td>\r\n</tr>\r\n<tr>\r\n<td><span>PL 51 2019</span></td>\r\n<td><span></span></td>\r\n<td><span>Ver.\u00a0</span><span>Ricardo Sousa</span></td>\r\n<td></td>\r\n<td style=\"text-align: center; \"><img src=\"https://www.olinda.pe.leg.br/download.png/@@images/597490cb-e159-4ca1-9cff-86360999542c.png\" alt=\"download\" class=\"image-inline\" title=\"download\" /></td>\r\n</tr>\r\n<tr>\r\n<td><span>PL 51 2019</span></td>\r\n<td><span></span></td>\r\n<td><span>Ver.\u00a0</span><span>Ricardo Sousa</span></td>\r\n<td></td>\r\n<td style=\"text-align: center; \"><img src=\"https://www.olinda.pe.leg.br/download.png/@@images/597490cb-e159-4ca1-9cff-86360999542c.png\" alt=\"download\" class=\"image-inline\" title=\"download\" /></td>\r\n</tr>\r\n<tr>\r\n<td><span>PL 52 2019</span></td>\r\n<td><span></span></td>\r\n<td><span>Ver.\u00a0</span><span>Ricardo Sousa</span></td>\r\n<td></td>\r\n<td style=\"text-align: center; \"><img src=\"https://www.olinda.pe.leg.br/download.png/@@images/597490cb-e159-4ca1-9cff-86360999542c.png\" alt=\"download\" class=\"image-inline\" title=\"download\" /></td>\r\n</tr>\r\n<tr>\r\n<td><span>PL 53 2019</span></td>\r\n<td><span></span></td>\r\n<td><span>Ver.\u00a0</span><span>Alg\u00e9rio</span></td>\r\n<td></td>\r\n<td style=\"text-align: center; \"><img src=\"https://www.olinda.pe.leg.br/download.png/@@images/597490cb-e159-4ca1-9cff-86360999542c.png\" alt=\"download\" class=\"image-inline\" title=\"download\" /></td>\r\n</tr>\r\n<tr>\r\n<td><span>PL 54 2019</span></td>\r\n<td><span></span></td>\r\n<td><span>Ver.\u00a0</span><span>Alg\u00e9rio Ant\u00f4nio</span></td>\r\n<td></td>\r\n<td style=\"text-align: center; \"><img src=\"https://www.olinda.pe.leg.br/download.png/@@images/597490cb-e159-4ca1-9cff-86360999542c.png\" alt=\"download\" class=\"image-inline\" title=\"download\" /></td>\r\n</tr>\r\n<tr>\r\n<td><span>PL 54 2019</span></td>\r\n<td><span></span></td>\r\n<td><span>Ver.\u00a0</span><span>Alg\u00e9rio</span></td>\r\n<td></td>\r\n<td style=\"text-align: center; \"><img src=\"https://www.olinda.pe.leg.br/download.png/@@images/597490cb-e159-4ca1-9cff-86360999542c.png\" alt=\"download\" class=\"image-inline\" title=\"download\" /></td>\r\n</tr>\r\n<tr>\r\n<td><span>PL 55 2019</span></td>\r\n<td><span></span></td>\r\n<td><span>Ver.\u00a0</span><span>Alg\u00e9rio Ant\u00f4nio</span></td>\r\n<td></td>\r\n<td style=\"text-align: center; \"><img src=\"https://www.olinda.pe.leg.br/download.png/@@images/597490cb-e159-4ca1-9cff-86360999542c.png\" alt=\"download\" class=\"image-inline\" title=\"download\" /></td>\r\n</tr>\r\n<tr>\r\n<td><span>PL 56</span></td>\r\n<td><span></span></td>\r\n<td><span>Ver.\u00a0</span><span></span></td>\r\n<td></td>\r\n<td style=\"text-align: center; \"><img src=\"https://www.olinda.pe.leg.br/download.png/@@images/597490cb-e159-4ca1-9cff-86360999542c.png\" alt=\"download\" class=\"image-inline\" title=\"download\" /></td>\r\n</tr>\r\n<tr>\r\n<td><span>PL 57 2019</span></td>\r\n<td><span></span></td>\r\n<td><span>Ver.\u00a0</span><span>Irm\u00e3o Bi\u00e1</span></td>\r\n<td></td>\r\n<td style=\"text-align: center; \"><img src=\"https://www.olinda.pe.leg.br/download.png/@@images/597490cb-e159-4ca1-9cff-86360999542c.png\" alt=\"download\" class=\"image-inline\" title=\"download\" /></td>\r\n</tr>\r\n<tr>\r\n<td><span>PL 57 2019</span></td>\r\n<td><span></span></td>\r\n<td><span>Ver.\u00a0</span><span>Vlademir Labanca</span></td>\r\n<td></td>\r\n<td style=\"text-align: center; \"><img src=\"https://www.olinda.pe.leg.br/download.png/@@images/597490cb-e159-4ca1-9cff-86360999542c.png\" alt=\"download\" class=\"image-inline\" title=\"download\" /></td>\r\n</tr>\r\n<tr>\r\n<td><span>PL 57 2019</span></td>\r\n<td><span></span></td>\r\n<td><span>Ver.\u00a0</span><span>Irm\u00e3o Bi\u00e1</span></td>\r\n<td></td>\r\n<td style=\"text-align: center; \"><img src=\"https://www.olinda.pe.leg.br/download.png/@@images/597490cb-e159-4ca1-9cff-86360999542c.png\" alt=\"download\" class=\"image-inline\" title=\"download\" /></td>\r\n</tr>\r\n<tr>\r\n<td><span>PL 58 2019</span></td>\r\n<td><span></span></td>\r\n<td><span>Ver.\u00a0</span><span>Irm\u00e3o Bi\u00e1</span></td>\r\n<td></td>\r\n<td style=\"text-align: center; \"><img src=\"https://www.olinda.pe.leg.br/download.png/@@images/597490cb-e159-4ca1-9cff-86360999542c.png\" alt=\"download\" class=\"image-inline\" title=\"download\" /></td>\r\n</tr>\r\n<tr>\r\n<td><span>PL 58 2019</span></td>\r\n<td><span></span></td>\r\n<td><span>Ver.\u00a0</span><span>Irm\u00e3o Bi\u00e1</span></td>\r\n<td></td>\r\n<td style=\"text-align: center; \"><img src=\"https://www.olinda.pe.leg.br/download.png/@@images/597490cb-e159-4ca1-9cff-86360999542c.png\" alt=\"download\" class=\"image-inline\" title=\"download\" /></td>\r\n</tr>\r\n<tr>\r\n<td><span>PL 59 2019</span></td>\r\n<td><span></span></td>\r\n<td><span>Ver.\u00a0</span><span>Irm\u00e3o Bi\u00e1</span></td>\r\n<td></td>\r\n<td style=\"text-align: center; \"><img src=\"https://www.olinda.pe.leg.br/download.png/@@images/597490cb-e159-4ca1-9cff-86360999542c.png\" alt=\"download\" class=\"image-inline\" title=\"download\" /></td>\r\n</tr>\r\n<tr>\r\n<td><span>PL 60 2019</span></td>\r\n<td><span></span></td>\r\n<td><span>Ver.\u00a0</span><span>Irm\u00e3o Bi\u00e1</span></td>\r\n<td></td>\r\n<td style=\"text-align: center; \"><img src=\"https://www.olinda.pe.leg.br/download.png/@@images/597490cb-e159-4ca1-9cff-86360999542c.png\" alt=\"download\" class=\"image-inline\" title=\"download\" /></td>\r\n</tr>\r\n<tr>\r\n<td><span>PL 60 2019</span></td>\r\n<td><span></span></td>\r\n<td><span>Ver.\u00a0</span><span>Irm\u00e3o Bi\u00e1</span></td>\r\n<td></td>\r\n<td style=\"text-align: center; \"><img src=\"https://www.olinda.pe.leg.br/download.png/@@images/597490cb-e159-4ca1-9cff-86360999542c.png\" alt=\"download\" class=\"image-inline\" title=\"download\" /></td>\r\n</tr>\r\n<tr>\r\n<td><span>PL 61 2019</span></td>\r\n<td><span></span></td>\r\n<td><span>Ver.\u00a0</span><span>Irm\u00e3o Bi\u00e1</span></td>\r\n<td></td>\r\n<td style=\"text-align: center; \"><img src=\"https://www.olinda.pe.leg.br/download.png/@@images/597490cb-e159-4ca1-9cff-86360999542c.png\" alt=\"download\" class=\"image-inline\" title=\"download\" /></td>\r\n</tr>\r\n<tr>\r\n<td><span>PL 61 2019</span></td>\r\n<td><span></span></td>\r\n<td><span>Ver.\u00a0</span><span>Irm\u00e3o Bi\u00e1</span></td>\r\n<td></td>\r\n<td style=\"text-align: center; \"><img src=\"https://www.olinda.pe.leg.br/download.png/@@images/597490cb-e159-4ca1-9cff-86360999542c.png\" alt=\"download\" class=\"image-inline\" title=\"download\" /></td>\r\n</tr>\r\n<tr>\r\n<td><span>PL 62 2019</span></td>\r\n<td><span></span></td>\r\n<td><span>Ver.\u00a0</span><span>Irm\u00e3o Bi\u00e1</span></td>\r\n<td></td>\r\n<td style=\"text-align: center; \"><img src=\"https://www.olinda.pe.leg.br/download.png/@@images/597490cb-e159-4ca1-9cff-86360999542c.png\" alt=\"download\" class=\"image-inline\" title=\"download\" /></td>\r\n</tr>\r\n<tr>\r\n<td><span>PL 62 2019</span></td>\r\n<td><span></span></td>\r\n<td><span>Ver.\u00a0</span><span>Irm\u00e3o Bi\u00e1</span></td>\r\n<td></td>\r\n<td style=\"text-align: center; \"><img src=\"https://www.olinda.pe.leg.br/download.png/@@images/597490cb-e159-4ca1-9cff-86360999542c.png\" alt=\"download\" class=\"image-inline\" title=\"download\" /></td>\r\n</tr>\r\n<tr>\r\n<td><span>PL 63 2019</span></td>\r\n<td><span></span></td>\r\n<td><span>Ver.\u00a0</span><span>Ricardo Sousa</span></td>\r\n<td></td>\r\n<td style=\"text-align: center; \"><img src=\"https://www.olinda.pe.leg.br/download.png/@@images/597490cb-e159-4ca1-9cff-86360999542c.png\" alt=\"download\" class=\"image-inline\" title=\"download\" /></td>\r\n</tr>\r\n<tr>\r\n<td><span>PL 63 2019</span></td>\r\n<td><span></span></td>\r\n<td><span>Ver.\u00a0</span><span>Irm\u00e3o Bi\u00e1</span></td>\r\n<td></td>\r\n<td style=\"text-align: center; \"><img src=\"https://www.olinda.pe.leg.br/download.png/@@images/597490cb-e159-4ca1-9cff-86360999542c.png\" alt=\"download\" class=\"image-inline\" title=\"download\" /></td>\r\n</tr>\r\n<tr>\r\n<td><span>PL 64 2019</span></td>\r\n<td><span></span></td>\r\n<td><span>Ver.\u00a0</span><span>Ricardo Sousa</span></td>\r\n<td></td>\r\n<td style=\"text-align: center; \"><img src=\"https://www.olinda.pe.leg.br/download.png/@@images/597490cb-e159-4ca1-9cff-86360999542c.png\" alt=\"download\" class=\"image-inline\" title=\"download\" /></td>\r\n</tr>\r\n<tr>\r\n<td><span>PL 64 2019</span></td>\r\n<td><span></span></td>\r\n<td><span>Ver.\u00a0</span><span>Ricardo Sousa</span></td>\r\n<td></td>\r\n<td style=\"text-align: center; \"><img src=\"https://www.olinda.pe.leg.br/download.png/@@images/597490cb-e159-4ca1-9cff-86360999542c.png\" alt=\"download\" class=\"image-inline\" title=\"download\" /></td>\r\n</tr>\r\n<tr>\r\n<td><span>PL 65 2019 </span></td>\r\n<td><span></span></td>\r\n<td><span>Poder Executivo</span></td>\r\n<td></td>\r\n<td style=\"text-align: center; \"><img src=\"https://www.olinda.pe.leg.br/download.png/@@images/597490cb-e159-4ca1-9cff-86360999542c.png\" alt=\"download\" class=\"image-inline\" title=\"download\" /></td>\r\n</tr>\r\n<tr>\r\n<td><span>PL 67 2019</span></td>\r\n<td><span></span></td>\r\n<td><span>Ver.\u00a0</span><span>Jesu\u00edno Ara\u00fajo</span></td>\r\n<td></td>\r\n<td style=\"text-align: center; \"><img src=\"https://www.olinda.pe.leg.br/download.png/@@images/597490cb-e159-4ca1-9cff-86360999542c.png\" alt=\"download\" class=\"image-inline\" title=\"download\" /></td>\r\n</tr>\r\n<tr>\r\n<td><span>PL 68 2019</span></td>\r\n<td><span></span></td>\r\n<td><span>Ver.\u00a0</span><span>Jesu\u00edno Ara\u00fajo</span></td>\r\n<td></td>\r\n<td style=\"text-align: center; \"><img src=\"https://www.olinda.pe.leg.br/download.png/@@images/597490cb-e159-4ca1-9cff-86360999542c.png\" alt=\"download\" class=\"image-inline\" title=\"download\" /></td>\r\n</tr>\r\n<tr>\r\n<td><span>PL 69 2019</span></td>\r\n<td><span></span></td>\r\n<td><span>Ver.\u00a0</span><span>Irm\u00e3o Bi\u00e1</span></td>\r\n<td></td>\r\n<td style=\"text-align: center; \"><img src=\"https://www.olinda.pe.leg.br/download.png/@@images/597490cb-e159-4ca1-9cff-86360999542c.png\" alt=\"download\" class=\"image-inline\" title=\"download\" /></td>\r\n</tr>\r\n<tr>\r\n<td><span>PL 71 2019</span></td>\r\n<td><span></span></td>\r\n<td><span>Ver.\u00a0</span><span>Irm\u00e3o Bi\u00e1</span></td>\r\n<td></td>\r\n<td style=\"text-align: center; \"><img src=\"https://www.olinda.pe.leg.br/download.png/@@images/597490cb-e159-4ca1-9cff-86360999542c.png\" alt=\"download\" class=\"image-inline\" title=\"download\" /></td>\r\n</tr>\r\n<tr>\r\n<td><span>PL 72 2019</span></td>\r\n<td><span></span></td>\r\n<td><span>Ver.\u00a0</span><span>Alg\u00e9rio</span></td>\r\n<td></td>\r\n<td style=\"text-align: center; \"><img src=\"https://www.olinda.pe.leg.br/download.png/@@images/597490cb-e159-4ca1-9cff-86360999542c.png\" alt=\"download\" class=\"image-inline\" title=\"download\" /></td>\r\n</tr>\r\n<tr>\r\n<td><span>PL 107 2019</span></td>\r\n<td>Altera a Lei n\u00ba 6.003, de 22 de agosto de 2017.</td>\r\n<td><span>Ver. Jorge Federal</span></td>\r\n<td></td>\r\n<td style=\"text-align: center; \"><img src=\"https://www.olinda.pe.leg.br/download.png/@@images/597490cb-e159-4ca1-9cff-86360999542c.png\" alt=\"download\" class=\"image-inline\" title=\"download\" /></td>\r\n</tr>\r\n<tr>\r\n<td><span>PL 108 2019</span></td>\r\n<td>Altera a Lei n\u00ba 6.019, de 17 de outubro de 2019.</td>\r\n<td><span><span>Ver. Jorge Federal</span></span></td>\r\n<td></td>\r\n<td style=\"text-align: center; \"><img src=\"https://www.olinda.pe.leg.br/download.png/@@images/597490cb-e159-4ca1-9cff-86360999542c.png\" alt=\"download\" class=\"image-inline\" title=\"download\" /></td>\r\n</tr>\r\n<tr></tr>\r\n</tbody>\r\n</table>", "author_name": "administrador", "version": "1.0", "author_url": "https://www.olinda.pe.leg.br/author/administrador", "provider_name": "C\u00e2mara Municipal de Olinda", "type": "rich"}